{"id":2161,"date":"2025-12-01T11:39:36","date_gmt":"2025-12-01T11:39:36","guid":{"rendered":"https:\/\/casa-accogliente.com\/?p=2161"},"modified":"2025-12-15T10:27:12","modified_gmt":"2025-12-15T10:27:12","slug":"que-sera-de-una-mujer-dentro-de-cinco-anos-sin-un-hombre","status":"publish","type":"post","link":"https:\/\/casa-accogliente.com\/?p=2161","title":{"rendered":"\u00bfQu\u00e9 ser\u00e1 de una mujer dentro de cinco a\u00f1os sin un hombre?"},"content":{"rendered":"<h3 data-start=\"436\" data-end=\"503\">C\u00f3mo cambian las prioridades personales en una relaci\u00f3n estable<\/h3>\n<p data-start=\"505\" data-end=\"769\">Con el paso del tiempo, muchas personas notan que su relaci\u00f3n con la apariencia, las rutinas diarias y las expectativas externas empieza a cambiar. No se trata de descuido, sino de una evoluci\u00f3n natural ligada a la comodidad, la confianza y la aceptaci\u00f3n personal.<\/p>\n<p data-start=\"771\" data-end=\"1044\">Algunas mujeres explican que, al sentirse seguras en su vida personal, dejan de vivir bajo la presi\u00f3n constante de cumplir con ideales externos. Siguen cuidando su imagen en el entorno profesional y social, pero en su espacio privado priorizan el descanso y la naturalidad.<\/p>\n<hr data-start=\"1046\" data-end=\"1049\" \/>\n<h3 data-start=\"1051\" data-end=\"1108\">La diferencia entre imagen p\u00fablica y espacio personal<\/h3>\n<p data-start=\"1110\" data-end=\"1364\">En el trabajo y en eventos sociales, muchas personas mantienen una imagen cuidada y profesional. Sin embargo, en casa prefieren una mayor sencillez. Esta separaci\u00f3n entre lo p\u00fablico y lo privado es com\u00fan y refleja una relaci\u00f3n m\u00e1s relajada con uno mismo.<\/p>\n<p data-start=\"1366\" data-end=\"1479\">No se trata de renunciar al cuidado personal, sino de redefinirlo seg\u00fan las propias necesidades y circunstancias.<\/p>\n<hr data-start=\"1481\" data-end=\"1484\" \/>\n<h3 data-start=\"1486\" data-end=\"1531\">Opiniones distintas, elecciones distintas<\/h3>\n<p data-start=\"1533\" data-end=\"1805\">Durante una conversaci\u00f3n cotidiana, pueden surgir temas relacionados con la est\u00e9tica o el cuidado personal que despiertan reacciones diferentes. Cada persona vive estas decisiones de forma individual, influida por experiencias previas, comodidad y preferencias personales.<\/p>\n<p data-start=\"1807\" data-end=\"2015\">Lo que para una persona es una elecci\u00f3n pr\u00e1ctica, para otra puede ser una fuente de incomodidad. Estas diferencias no deber\u00edan ser motivo de comparaci\u00f3n ni juicio, sino parte de la diversidad de experiencias.<\/p>\n<hr data-start=\"2017\" data-end=\"2020\" \/>\n<h3 data-start=\"2022\" data-end=\"2048\">Aceptaci\u00f3n y bienestar<\/h3>\n<p data-start=\"2050\" data-end=\"2311\">Cada vez m\u00e1s personas valoran la aceptaci\u00f3n mutua y el respeto por las decisiones individuales dentro de una relaci\u00f3n. El bienestar personal no siempre est\u00e1 ligado a cumplir est\u00e1ndares externos, sino a sentirse c\u00f3modo con uno mismo y con las propias elecciones.<\/p>\n<hr data-start=\"2313\" data-end=\"2316\" \/>\n<h3 data-start=\"2318\" data-end=\"2332\">Conclusi\u00f3n<\/h3>\n<p data-start=\"2334\" data-end=\"2559\">Las decisiones sobre la apariencia y las rutinas personales cambian con el tiempo y dependen de muchos factores. Comprender estas transformaciones ayuda a fomentar relaciones m\u00e1s sanas, basadas en el respeto y la comprensi\u00f3n.<\/p>\n","protected":false},"excerpt":{"rendered":"<p>C\u00f3mo cambian las prioridades personales en una relaci\u00f3n estable Con el paso del tiempo, muchas personas notan que su relaci\u00f3n con la apariencia, las rutinas diarias y las expectativas externas&hellip;<\/p>\n","protected":false},"author":2,"featured_media":2162,"comment_status":"closed","ping_status":"closed","sticky":false,"template":"","format":"standard","meta":{"footnotes":""},"categories":[1],"tags":[],"class_list":["post-2161","post","type-post","status-publish","format-standard","has-post-thumbnail","hentry","category-uncategorized"],"_links":{"self":[{"href":"https:\/\/casa-accogliente.com\/index.php?rest_route=\/wp\/v2\/posts\/2161","targetHints":{"allow":["GET"]}}],"collection":[{"href":"https:\/\/casa-accogliente.com\/index.php?rest_route=\/wp\/v2\/posts"}],"about":[{"href":"https:\/\/casa-accogliente.com\/index.php?rest_route=\/wp\/v2\/types\/post"}],"author":[{"embeddable":true,"href":"https:\/\/casa-accogliente.com\/index.php?rest_route=\/wp\/v2\/users\/2"}],"replies":[{"embeddable":true,"href":"https:\/\/casa-accogliente.com\/index.php?rest_route=%2Fwp%2Fv2%2Fcomments&post=2161"}],"version-history":[{"count":3,"href":"https:\/\/casa-accogliente.com\/index.php?rest_route=\/wp\/v2\/posts\/2161\/revisions"}],"predecessor-version":[{"id":2193,"href":"https:\/\/casa-accogliente.com\/index.php?rest_route=\/wp\/v2\/posts\/2161\/revisions\/2193"}],"wp:featuredmedia":[{"embeddable":true,"href":"https:\/\/casa-accogliente.com\/index.php?rest_route=\/wp\/v2\/media\/2162"}],"wp:attachment":[{"href":"https:\/\/casa-accogliente.com\/index.php?rest_route=%2Fwp%2Fv2%2Fmedia&parent=2161"}],"wp:term":[{"taxonomy":"category","embeddable":true,"href":"https:\/\/casa-accogliente.com\/index.php?rest_route=%2Fwp%2Fv2%2Fcategories&post=2161"},{"taxonomy":"post_tag","embeddable":true,"href":"https:\/\/casa-accogliente.com\/index.php?rest_route=%2Fwp%2Fv2%2Ftags&post=2161"}],"curies":[{"name":"wp","href":"https:\/\/api.w.org\/{rel}","templated":true}]}}