{"id":2165,"date":"2025-12-01T11:51:06","date_gmt":"2025-12-01T11:51:06","guid":{"rendered":"https:\/\/casa-accogliente.com\/?p=2165"},"modified":"2025-12-01T11:51:06","modified_gmt":"2025-12-01T11:51:06","slug":"5-senales-de-que-estas-desarrollando-demencia-senil","status":"publish","type":"post","link":"https:\/\/casa-accogliente.com\/?p=2165","title":{"rendered":"5 se\u00f1ales de que est\u00e1s desarrollando demencia senil"},"content":{"rendered":"<p>A medida que las personas envejecen, sus neuronas comienzan a morir, lo que en algunos casos conduce a la demencia senil, tambi\u00e9n conocida como demencia senil. La enfermedad suele comenzar a los 60 a\u00f1os, pero es posible detectar sus primeros s\u00edntomas con antelaci\u00f3n. Detectarlos a tiempo y contactar a un m\u00e9dico puede salvarte de la vejez, por lo que te recomendamos leer la lista de s\u00edntomas tempranos y prestarles atenci\u00f3n: \u00bfT\u00fa o tu familia los presentan? Quiz\u00e1s este conocimiento te asegure una vejez saludable. Existen al menos cinco signos de demencia senil, y todos deber\u00edan conocerlos. Olvidos en la vida: \u00bfAlguna vez has empezado a jugar a un juego de mesa conocido, pero de repente te has dado cuenta de que has olvidado algunas reglas? \u00bfO tal vez estabas paseando por el barrio y de repente te diste cuenta de que no sab\u00edas ad\u00f3nde ir? Espero que esto no te haya pasado todav\u00eda, pero si has notado algo as\u00ed, es motivo de consulta m\u00e9dica. Y la incapacidad para realizar tareas familiares durante un tiempo prolongado es se\u00f1al de alg\u00fan problema cerebral. El deterioro de la memoria, el segundo s\u00edntoma de la demencia en la vejez, es similar al primero. La persona tambi\u00e9n desarrolla problemas de memoria, pero no se asocian con la realizaci\u00f3n de tareas, sino con recordar informaci\u00f3n espec\u00edfica. \u00bfAlguna vez te ha pasado a ti o a alguien que conoces que miras la cara de alguien y no recuerdas d\u00f3nde la pudiste haber visto? El olvido tambi\u00e9n afecta a fechas y conversaciones importantes: algunas personas necesitan recordar informaci\u00f3n desde los 30 o 40 a\u00f1os, ya que necesitan una agenda diaria. Por lo tanto, si t\u00fa o alguien que conoces sufre de lapsus de memoria, esto tambi\u00e9n es motivo de precauci\u00f3n. Una vaga confusi\u00f3n temporal tambi\u00e9n se considera el tercer s\u00edntoma del desarrollo de la demencia. Con problemas graves de memoria, a menudo es imposible recordar exactamente cu\u00e1ndo se vio a una persona espec\u00edfica: \u00bfayer o la semana pasada? Tambi\u00e9n ocurre que una persona se da cuenta de repente de que est\u00e1 en un lugar desconocido y se pregunta: \u00ab\u00bfC\u00f3mo he llegado aqu\u00ed?\u00bb. S\u00ed, esta situaci\u00f3n puede asustar a cualquiera, por lo que es mejor consultar a un neur\u00f3logo cuando aparecen estos problemas. Problemas del habla: una persona con signos tempranos de demencia tiene un vocabulario reducido. Expresiones como \u00abbueno, esto&#8230;\u00bb se han vuelto comunes en su habla, etc. Su razonamiento es muy largo, porque no puede expresar sus pensamientos de forma concisa y clara: es necesario elegir palabras, sin\u00f3nimos para palabras olvidadas, etc. Este es el cuarto signo del inicio de la demencia en la vejez; tenga cuidado. Los cambios de comportamiento, si ocurren en el cerebro, tienen un impacto directo en el comportamiento de una persona. Incluso una persona optimista y alegre se vuelve tranquila y siempre quiere estar sola. Incluso la persona m\u00e1s tranquila del mundo puede empezar a organizar esc\u00e1ndalos de la nada y convertir su vuelo en un esc\u00e1ndalo. El quinto signo del inicio de la demencia tambi\u00e9n puede atribuirse a un rasgo conductual com\u00fan: una persona confunde sus cosas y comienza a culpar a los dem\u00e1s. Si usted o alguien que conoce desarrolla alguno de los s\u00edntomas anteriores, debe consultar a un m\u00e9dico de cabecera o neur\u00f3logo de inmediato. \u00c9l o ella podr\u00e1 desarrollar un plan de tratamiento y mantener la salud cerebral. As\u00ed que, como medida preventiva, intenta leer m\u00e1s libros, hacer rompecabezas, comer bien y, simplemente, llevar un estilo de vida activo. \u00a1Disfruta de una buena salud!<\/p>\n","protected":false},"excerpt":{"rendered":"<p>A medida que las personas envejecen, sus neuronas comienzan a morir, lo que en algunos casos conduce a la demencia senil, tambi\u00e9n conocida como demencia senil. La enfermedad suele comenzar&hellip;<\/p>\n","protected":false},"author":2,"featured_media":2166,"comment_status":"closed","ping_status":"closed","sticky":false,"template":"","format":"standard","meta":{"footnotes":""},"categories":[1],"tags":[],"class_list":["post-2165","post","type-post","status-publish","format-standard","has-post-thumbnail","hentry","category-uncategorized"],"_links":{"self":[{"href":"https:\/\/casa-accogliente.com\/index.php?rest_route=\/wp\/v2\/posts\/2165","targetHints":{"allow":["GET"]}}],"collection":[{"href":"https:\/\/casa-accogliente.com\/index.php?rest_route=\/wp\/v2\/posts"}],"about":[{"href":"https:\/\/casa-accogliente.com\/index.php?rest_route=\/wp\/v2\/types\/post"}],"author":[{"embeddable":true,"href":"https:\/\/casa-accogliente.com\/index.php?rest_route=\/wp\/v2\/users\/2"}],"replies":[{"embeddable":true,"href":"https:\/\/casa-accogliente.com\/index.php?rest_route=%2Fwp%2Fv2%2Fcomments&post=2165"}],"version-history":[{"count":2,"href":"https:\/\/casa-accogliente.com\/index.php?rest_route=\/wp\/v2\/posts\/2165\/revisions"}],"predecessor-version":[{"id":2168,"href":"https:\/\/casa-accogliente.com\/index.php?rest_route=\/wp\/v2\/posts\/2165\/revisions\/2168"}],"wp:featuredmedia":[{"embeddable":true,"href":"https:\/\/casa-accogliente.com\/index.php?rest_route=\/wp\/v2\/media\/2166"}],"wp:attachment":[{"href":"https:\/\/casa-accogliente.com\/index.php?rest_route=%2Fwp%2Fv2%2Fmedia&parent=2165"}],"wp:term":[{"taxonomy":"category","embeddable":true,"href":"https:\/\/casa-accogliente.com\/index.php?rest_route=%2Fwp%2Fv2%2Fcategories&post=2165"},{"taxonomy":"post_tag","embeddable":true,"href":"https:\/\/casa-accogliente.com\/index.php?rest_route=%2Fwp%2Fv2%2Ftags&post=2165"}],"curies":[{"name":"wp","href":"https:\/\/api.w.org\/{rel}","templated":true}]}}